{"id":370,"date":"2014-02-02T13:48:24","date_gmt":"2014-02-02T11:48:24","guid":{"rendered":"http:\/\/galerie-le-art.com\/?p=370"},"modified":"2020-12-28T14:29:54","modified_gmt":"2020-12-28T12:29:54","slug":"hein-wachinger","status":"publish","type":"post","link":"https:\/\/galerie-le-art.com\/?p=370","title":{"rendered":"Hein Wachinger"},"content":{"rendered":"<p><div id=\"attachment_449\" style=\"width: 160px\" class=\"wp-caption alignleft\"><a href=\"http:\/\/galerie-le-art.com\/wp-content\/uploads\/2014\/02\/Hein-Wachinger.jpg\"><img loading=\"lazy\" decoding=\"async\" aria-describedby=\"caption-attachment-449\" class=\"size-thumbnail wp-image-449\" src=\"http:\/\/galerie-le-art.com\/wp-content\/uploads\/2014\/02\/Hein-Wachinger-150x150.jpg\" alt=\"Hein Wachinger\" width=\"150\" height=\"150\" \/><\/a><p id=\"caption-attachment-449\" class=\"wp-caption-text\">Hein Wachinger<\/p><\/div><\/p>\n<p>Der Maler und Skulpteur <strong>Hein Wachinger<\/strong> wurde 1947 in Schrobenhausen\/Bayern geboren.<\/p>\n<p>\u201e Ich lebe, arbeite und leide nach wie vor in\/an meiner Geburtsstadt\u201c, so der K\u00fcnstler selbst. Er ist Autodidakt.<\/p>\n<p>Sein k\u00fcnstlerisches Schaffen beginnt Ende der 1960er Jahre. Seit 2006 arbeitet er ausschlie\u00dflich als freier Maler und Skulpteur. Seine bevorzugten Motive sind surreale Landschaften, Menschen, Tiere. In neuerer Zeit besch\u00e4ftigen ihn auch Mythen und Sagen. \u201eH\u00e4ufig versuche ich eigene Traumbilder einflie\u00dfen zu lassen. Ironie und Satire d\u00fcrfen keinesfalls zu kurz kommen.\u201c So der Maler \u00fcber seine Motive. Seit einigen Jahren besch\u00e4ftigt er sich mit handgeschnitzten Kleinskulpturen. Sie nehmen heute den wichtigsten Teil seiner Arbeiten ein. Er verbindet dabei immer sowohl technisch als auch thematisch Skulptur und Bild. \u201eIch nenne diese Werke &#8222;B\u00fchnenbilder. Sie sind Zwitter, sowohl Bild als auch Skulptur, untrennbar verbunden. Meine Arbeiten sollen unabh\u00e4ngig und unverwechselbar sein.<\/p>\n<p>Ich versuche, mich vom gerade aktuellen Zeitgeschmack nicht beeinflussen zu lassen.\u201c<\/p>\n<p>\n\t\t<style type=\"text\/css\">\n\t\t\t#gallery-1 {\n\t\t\t\tmargin: auto;\n\t\t\t}\n\t\t\t#gallery-1 .gallery-item {\n\t\t\t\tfloat: left;\n\t\t\t\tmargin-top: 10px;\n\t\t\t\ttext-align: center;\n\t\t\t\twidth: 50%;\n\t\t\t}\n\t\t\t#gallery-1 img {\n\t\t\t\tborder: 2px solid #cfcfcf;\n\t\t\t}\n\t\t\t#gallery-1 .gallery-caption {\n\t\t\t\tmargin-left: 0;\n\t\t\t}\n\t\t\t\/* see gallery_shortcode() in wp-includes\/media.php *\/\n\t\t<\/style>\n\t\t<div id='gallery-1' class='gallery galleryid-370 gallery-columns-2 gallery-size-thumbnail'><dl class='gallery-item'>\n\t\t\t<dt class='gallery-icon landscape'>\n\t\t\t\t<a href='https:\/\/galerie-le-art.com\/wp-content\/uploads\/2020\/12\/HWachinger_21.jpg'><img loading=\"lazy\" decoding=\"async\" width=\"150\" height=\"150\" src=\"https:\/\/galerie-le-art.com\/wp-content\/uploads\/2020\/12\/HWachinger_21-150x150.jpg\" class=\"attachment-thumbnail size-thumbnail\" alt=\"\" aria-describedby=\"gallery-1-3067\" \/><\/a>\n\t\t\t<\/dt>\n\t\t\t\t<dd class='wp-caption-text gallery-caption' id='gallery-1-3067'>\n\t\t\t\tDIE GEBURT DES VENUS VON SEPIA<br>70\/70\/8 cm<br>\u00d6l\/Malpappe\/Holz\/Knetmasse<br>2019\/01\n\t\t\t\t<\/dd><\/dl><dl class='gallery-item'>\n\t\t\t<dt class='gallery-icon landscape'>\n\t\t\t\t<a href='https:\/\/galerie-le-art.com\/wp-content\/uploads\/2020\/12\/HWachinger_22.jpg'><img loading=\"lazy\" decoding=\"async\" width=\"150\" height=\"150\" src=\"https:\/\/galerie-le-art.com\/wp-content\/uploads\/2020\/12\/HWachinger_22-150x150.jpg\" class=\"attachment-thumbnail size-thumbnail\" alt=\"\" aria-describedby=\"gallery-1-3068\" srcset=\"https:\/\/galerie-le-art.com\/wp-content\/uploads\/2020\/12\/HWachinger_22-150x150.jpg 150w, https:\/\/galerie-le-art.com\/wp-content\/uploads\/2020\/12\/HWachinger_22-300x297.jpg 300w, https:\/\/galerie-le-art.com\/wp-content\/uploads\/2020\/12\/HWachinger_22-768x761.jpg 768w, https:\/\/galerie-le-art.com\/wp-content\/uploads\/2020\/12\/HWachinger_22-303x300.jpg 303w, https:\/\/galerie-le-art.com\/wp-content\/uploads\/2020\/12\/HWachinger_22.jpg 800w\" sizes=\"auto, (max-width: 150px) 100vw, 150px\" \/><\/a>\n\t\t\t<\/dt>\n\t\t\t\t<dd class='wp-caption-text gallery-caption' id='gallery-1-3068'>\n\t\t\t\tClub EDEN<br>70\/70\/8 cm<br>\u00d6l\/Malpappe\/Holz\/Knetmasse<br>2019\/06\n\t\t\t\t<\/dd><\/dl><br style=\"clear: both\" \/><dl class='gallery-item'>\n\t\t\t<dt class='gallery-icon portrait'>\n\t\t\t\t<a href='https:\/\/galerie-le-art.com\/wp-content\/uploads\/2020\/12\/HWachinger_23.jpg'><img loading=\"lazy\" decoding=\"async\" width=\"150\" height=\"150\" src=\"https:\/\/galerie-le-art.com\/wp-content\/uploads\/2020\/12\/HWachinger_23-150x150.jpg\" class=\"attachment-thumbnail size-thumbnail\" alt=\"\" aria-describedby=\"gallery-1-3069\" \/><\/a>\n\t\t\t<\/dt>\n\t\t\t\t<dd class='wp-caption-text gallery-caption' id='gallery-1-3069'>\n\t\t\t\tBAHNHOF<br>70\/70\/8 cm<br>\u00d6l\/Malpappe\/Holz<br>2019\/09\n\t\t\t\t<\/dd><\/dl><dl class='gallery-item'>\n\t\t\t<dt class='gallery-icon portrait'>\n\t\t\t\t<a href='https:\/\/galerie-le-art.com\/wp-content\/uploads\/2020\/12\/HWachinger_24.jpg'><img loading=\"lazy\" decoding=\"async\" width=\"150\" height=\"150\" src=\"https:\/\/galerie-le-art.com\/wp-content\/uploads\/2020\/12\/HWachinger_24-150x150.jpg\" class=\"attachment-thumbnail size-thumbnail\" alt=\"\" aria-describedby=\"gallery-1-3070\" \/><\/a>\n\t\t\t<\/dt>\n\t\t\t\t<dd class='wp-caption-text gallery-caption' id='gallery-1-3070'>\n\t\t\t\tENDSTATION<br>70\/70\/8 cm<br>\u00d6l\/Malpappe\/Holz<br>2019\/10\n\t\t\t\t<\/dd><\/dl><br style=\"clear: both\" \/><dl class='gallery-item'>\n\t\t\t<dt class='gallery-icon portrait'>\n\t\t\t\t<a href='https:\/\/galerie-le-art.com\/wp-content\/uploads\/2020\/12\/HWachinger_25.jpg'><img loading=\"lazy\" decoding=\"async\" width=\"150\" height=\"150\" src=\"https:\/\/galerie-le-art.com\/wp-content\/uploads\/2020\/12\/HWachinger_25-150x150.jpg\" class=\"attachment-thumbnail size-thumbnail\" alt=\"\" aria-describedby=\"gallery-1-3071\" srcset=\"https:\/\/galerie-le-art.com\/wp-content\/uploads\/2020\/12\/HWachinger_25-150x150.jpg 150w, https:\/\/galerie-le-art.com\/wp-content\/uploads\/2020\/12\/HWachinger_25-300x300.jpg 300w, https:\/\/galerie-le-art.com\/wp-content\/uploads\/2020\/12\/HWachinger_25-768x770.jpg 768w, https:\/\/galerie-le-art.com\/wp-content\/uploads\/2020\/12\/HWachinger_25-299x300.jpg 299w, https:\/\/galerie-le-art.com\/wp-content\/uploads\/2020\/12\/HWachinger_25.jpg 800w\" sizes=\"auto, (max-width: 150px) 100vw, 150px\" \/><\/a>\n\t\t\t<\/dt>\n\t\t\t\t<dd class='wp-caption-text gallery-caption' id='gallery-1-3071'>\n\t\t\t\tREISEZENTRUM<br>70\/70\/8 cm<br>\u00d6l\/Malpappe\/Holz<br>2019\/12\n\t\t\t\t<\/dd><\/dl><dl class='gallery-item'>\n\t\t\t<dt class='gallery-icon landscape'>\n\t\t\t\t<a href='https:\/\/galerie-le-art.com\/wp-content\/uploads\/2020\/12\/HWachinger_26.jpg'><img loading=\"lazy\" decoding=\"async\" width=\"150\" height=\"150\" src=\"https:\/\/galerie-le-art.com\/wp-content\/uploads\/2020\/12\/HWachinger_26-150x150.jpg\" class=\"attachment-thumbnail size-thumbnail\" alt=\"\" aria-describedby=\"gallery-1-3072\" srcset=\"https:\/\/galerie-le-art.com\/wp-content\/uploads\/2020\/12\/HWachinger_26-150x150.jpg 150w, https:\/\/galerie-le-art.com\/wp-content\/uploads\/2020\/12\/HWachinger_26-300x297.jpg 300w, https:\/\/galerie-le-art.com\/wp-content\/uploads\/2020\/12\/HWachinger_26-303x300.jpg 303w\" sizes=\"auto, (max-width: 150px) 100vw, 150px\" \/><\/a>\n\t\t\t<\/dt>\n\t\t\t\t<dd class='wp-caption-text gallery-caption' id='gallery-1-3072'>\n\t\t\t\tDER ST\u00c4RKSTE AUF DEM FRIEDHOF<br>70\/80\/8 cm<br>\u00d6l\/Malpappe\/Holz\/Knetmasse<br>2019\/09\n\t\t\t\t<\/dd><\/dl><br style=\"clear: both\" \/><dl class='gallery-item'>\n\t\t\t<dt class='gallery-icon portrait'>\n\t\t\t\t<a href='https:\/\/galerie-le-art.com\/wp-content\/uploads\/2020\/12\/HWachinger_27.jpg'><img loading=\"lazy\" decoding=\"async\" width=\"150\" height=\"150\" src=\"https:\/\/galerie-le-art.com\/wp-content\/uploads\/2020\/12\/HWachinger_27-150x150.jpg\" class=\"attachment-thumbnail size-thumbnail\" alt=\"\" aria-describedby=\"gallery-1-3073\" \/><\/a>\n\t\t\t<\/dt>\n\t\t\t\t<dd class='wp-caption-text gallery-caption' id='gallery-1-3073'>\n\t\t\t\tDER REICHSTE AUF DEM FRIEDHOF<br>60\/70\/8 cm<br>\u00d6l\/Malpappe\/Holz\/Knetmasse<br>2019\/07\n\t\t\t\t<\/dd><\/dl><dl class='gallery-item'>\n\t\t\t<dt class='gallery-icon landscape'>\n\t\t\t\t<a href='https:\/\/galerie-le-art.com\/wp-content\/uploads\/2020\/12\/HWachinger_28.jpg'><img loading=\"lazy\" decoding=\"async\" width=\"150\" height=\"150\" src=\"https:\/\/galerie-le-art.com\/wp-content\/uploads\/2020\/12\/HWachinger_28-150x150.jpg\" class=\"attachment-thumbnail size-thumbnail\" alt=\"\" aria-describedby=\"gallery-1-3074\" \/><\/a>\n\t\t\t<\/dt>\n\t\t\t\t<dd class='wp-caption-text gallery-caption' id='gallery-1-3074'>\n\t\t\t\tDRAUSSEN VOR DER T\u00dcR<br>70\/70\/8 cm<br>\u00d6l\/Malpappe<br>2020\/09\n\t\t\t\t<\/dd><\/dl><br style=\"clear: both\" \/>\n\t\t<\/div>\n<\/p>","protected":false},"excerpt":{"rendered":"<p>Der Maler und Skulpteur Hein Wachinger wurde 1947 in Schrobenhausen\/Bayern geboren. \u201e Ich lebe, arbeite und leide nach wie vor in\/an meiner Geburtsstadt\u201c, so der K\u00fcnstler selbst. Er ist Autodidakt. Sein k\u00fcnstlerisches Schaffen beginnt Ende der 1960er Jahre. Seit 2006 &hellip; <a href=\"https:\/\/galerie-le-art.com\/?p=370\">Weiterlesen <span class=\"meta-nav\">&rarr;<\/span><\/a><\/p>\n","protected":false},"author":1,"featured_media":0,"comment_status":"closed","ping_status":"open","sticky":false,"template":"","format":"gallery","meta":{"jetpack_post_was_ever_published":false,"_jetpack_newsletter_access":"","_jetpack_dont_email_post_to_subs":false,"_jetpack_newsletter_tier_id":0,"_jetpack_memberships_contains_paywalled_content":false,"_jetpack_memberships_contains_paid_content":false,"footnotes":"","jetpack_publicize_message":"","jetpack_publicize_feature_enabled":true,"jetpack_social_post_already_shared":false,"jetpack_social_options":{"image_generator_settings":{"template":"highway","default_image_id":0,"font":"","enabled":false},"version":2}},"categories":[5,7],"tags":[],"class_list":["post-370","post","type-post","status-publish","format-gallery","hentry","category-bilder","category-kunstler","post_format-post-format-gallery"],"aioseo_notices":[],"jetpack_publicize_connections":[],"jetpack_featured_media_url":"","jetpack_sharing_enabled":true,"jetpack_shortlink":"https:\/\/wp.me\/p7wHnN-5Y","_links":{"self":[{"href":"https:\/\/galerie-le-art.com\/index.php?rest_route=\/wp\/v2\/posts\/370","targetHints":{"allow":["GET"]}}],"collection":[{"href":"https:\/\/galerie-le-art.com\/index.php?rest_route=\/wp\/v2\/posts"}],"about":[{"href":"https:\/\/galerie-le-art.com\/index.php?rest_route=\/wp\/v2\/types\/post"}],"author":[{"embeddable":true,"href":"https:\/\/galerie-le-art.com\/index.php?rest_route=\/wp\/v2\/users\/1"}],"replies":[{"embeddable":true,"href":"https:\/\/galerie-le-art.com\/index.php?rest_route=%2Fwp%2Fv2%2Fcomments&post=370"}],"version-history":[{"count":9,"href":"https:\/\/galerie-le-art.com\/index.php?rest_route=\/wp\/v2\/posts\/370\/revisions"}],"predecessor-version":[{"id":3076,"href":"https:\/\/galerie-le-art.com\/index.php?rest_route=\/wp\/v2\/posts\/370\/revisions\/3076"}],"wp:attachment":[{"href":"https:\/\/galerie-le-art.com\/index.php?rest_route=%2Fwp%2Fv2%2Fmedia&parent=370"}],"wp:term":[{"taxonomy":"category","embeddable":true,"href":"https:\/\/galerie-le-art.com\/index.php?rest_route=%2Fwp%2Fv2%2Fcategories&post=370"},{"taxonomy":"post_tag","embeddable":true,"href":"https:\/\/galerie-le-art.com\/index.php?rest_route=%2Fwp%2Fv2%2Ftags&post=370"}],"curies":[{"name":"wp","href":"https:\/\/api.w.org\/{rel}","templated":true}]}}