{"id":2277,"date":"2018-02-20T14:36:05","date_gmt":"2018-02-20T12:36:05","guid":{"rendered":"http:\/\/galerie-le-art.com\/?p=2277"},"modified":"2021-12-29T14:40:01","modified_gmt":"2021-12-29T12:40:01","slug":"michael-streissl","status":"publish","type":"post","link":"https:\/\/galerie-le-art.com\/?p=2277","title":{"rendered":"Michael Streissl"},"content":{"rendered":"<p><div id=\"attachment_2286\" style=\"width: 160px\" class=\"wp-caption alignleft\"><a href=\"http:\/\/galerie-le-art.com\/wp-content\/uploads\/2018\/02\/michael-streissl.jpg\"><img loading=\"lazy\" decoding=\"async\" aria-describedby=\"caption-attachment-2286\" class=\"wp-image-2286 size-thumbnail\" src=\"http:\/\/galerie-le-art.com\/wp-content\/uploads\/2018\/02\/michael-streissl-150x150.jpg\" alt=\"\" width=\"150\" height=\"150\" srcset=\"https:\/\/galerie-le-art.com\/wp-content\/uploads\/2018\/02\/michael-streissl-150x150.jpg 150w, https:\/\/galerie-le-art.com\/wp-content\/uploads\/2018\/02\/michael-streissl-300x300.jpg 300w, https:\/\/galerie-le-art.com\/wp-content\/uploads\/2018\/02\/michael-streissl-768x768.jpg 768w, https:\/\/galerie-le-art.com\/wp-content\/uploads\/2018\/02\/michael-streissl.jpg 800w\" sizes=\"auto, (max-width: 150px) 100vw, 150px\" \/><\/a><p id=\"caption-attachment-2286\" class=\"wp-caption-text\">Michael Streissl<\/p><\/div><\/p>\n<p>Michael Streissl, Fotograf und K\u00fcnstler.<\/p>\n<p>Geboren 1962 in N\u00fcrnberg. Absolvent der Fachoberschule f\u00fcr Gestaltung. 2j\u00e4hrige Ausbildung zum Werbefotografen. Arbeitet seit Mitte der 1980er Jahre als Werbe- und Stillife Fotograf. Ausstellungen in N\u00fcrnberg, Erlangen, Regensburg, Forchheim seit den 1990er Jahren.<\/p>\n<p>Die k\u00fcnstlerische Intention \u2013 Reduzierung auf das Wesentliche<\/p>\n<p>Zielsetzung ist, mit dem eigenen Auge und dem fotografischen Auge einer Kamera, die sichtbare Welt zu reduzieren und ausdruckssteigernd darzustellen. Die \u201eabsolute\u201c Objektivit\u00e4t der Fotografie soll aufgel\u00f6st werden. Mit dem konsequente Verzicht auf Graut\u00f6ne wird die Darstellung der Wirklichkeit aufgel\u00f6st und auf charakteristischen Formen und Strukturen des jeweiligen Objektes reduziert. Die Unfarben Schwarz und Weiss dominieren. Mit Schrift-\/ Textfragmenten h\u00e4lt Farbe Einzug ins Bild.<\/p>\n<p>Die, bis zu Weilen, radikal vereinfachte Information, komplettiert und erg\u00e4nzt die bildliche Darstellung. Bild und Schrift werden zu zwei gleichberechtigten und stilbildenden Merkmalen. In Zeiten der Informationsflut gelingt es dem K\u00fcnstler Informationen zu vereinfachen und auf den Punkt zu bringen.<\/p>\n<p>\n\t\t<style type=\"text\/css\">\n\t\t\t#gallery-1 {\n\t\t\t\tmargin: auto;\n\t\t\t}\n\t\t\t#gallery-1 .gallery-item {\n\t\t\t\tfloat: left;\n\t\t\t\tmargin-top: 10px;\n\t\t\t\ttext-align: center;\n\t\t\t\twidth: 50%;\n\t\t\t}\n\t\t\t#gallery-1 img {\n\t\t\t\tborder: 2px solid #cfcfcf;\n\t\t\t}\n\t\t\t#gallery-1 .gallery-caption {\n\t\t\t\tmargin-left: 0;\n\t\t\t}\n\t\t\t\/* see gallery_shortcode() in wp-includes\/media.php *\/\n\t\t<\/style>\n\t\t<div id='gallery-1' class='gallery galleryid-2277 gallery-columns-2 gallery-size-thumbnail'><dl class='gallery-item'>\n\t\t\t<dt class='gallery-icon landscape'>\n\t\t\t\t<a href='https:\/\/galerie-le-art.com\/wp-content\/uploads\/2020\/12\/MStreissl_11.png'><img loading=\"lazy\" decoding=\"async\" width=\"150\" height=\"150\" src=\"https:\/\/galerie-le-art.com\/wp-content\/uploads\/2020\/12\/MStreissl_11-150x150.png\" class=\"attachment-thumbnail size-thumbnail\" alt=\"\" aria-describedby=\"gallery-1-3078\" srcset=\"https:\/\/galerie-le-art.com\/wp-content\/uploads\/2020\/12\/MStreissl_11-150x150.png 150w, https:\/\/galerie-le-art.com\/wp-content\/uploads\/2020\/12\/MStreissl_11-300x300.png 300w, https:\/\/galerie-le-art.com\/wp-content\/uploads\/2020\/12\/MStreissl_11-768x768.png 768w, https:\/\/galerie-le-art.com\/wp-content\/uploads\/2020\/12\/MStreissl_11.png 800w\" sizes=\"auto, (max-width: 150px) 100vw, 150px\" \/><\/a>\n\t\t\t<\/dt>\n\t\t\t\t<dd class='wp-caption-text gallery-caption' id='gallery-1-3078'>\n\t\t\t\tWien Belvedere21 02<br>100 cm x 100 cm<br>Uv-Digitaldruck\n\t\t\t\t<\/dd><\/dl><dl class='gallery-item'>\n\t\t\t<dt class='gallery-icon landscape'>\n\t\t\t\t<a href='https:\/\/galerie-le-art.com\/wp-content\/uploads\/2020\/12\/MStreissl_10.png'><img loading=\"lazy\" decoding=\"async\" width=\"150\" height=\"150\" src=\"https:\/\/galerie-le-art.com\/wp-content\/uploads\/2020\/12\/MStreissl_10-150x150.png\" class=\"attachment-thumbnail size-thumbnail\" alt=\"\" aria-describedby=\"gallery-1-3082\" srcset=\"https:\/\/galerie-le-art.com\/wp-content\/uploads\/2020\/12\/MStreissl_10-150x150.png 150w, https:\/\/galerie-le-art.com\/wp-content\/uploads\/2020\/12\/MStreissl_10-300x300.png 300w, https:\/\/galerie-le-art.com\/wp-content\/uploads\/2020\/12\/MStreissl_10-768x768.png 768w, https:\/\/galerie-le-art.com\/wp-content\/uploads\/2020\/12\/MStreissl_10.png 800w\" sizes=\"auto, (max-width: 150px) 100vw, 150px\" \/><\/a>\n\t\t\t<\/dt>\n\t\t\t\t<dd class='wp-caption-text gallery-caption' id='gallery-1-3082'>\n\t\t\t\tWien Belvedere21 01<br>100 cm x 100 cm<br>Uv-Digitaldruck\n\t\t\t\t<\/dd><\/dl><br style=\"clear: both\" \/><dl class='gallery-item'>\n\t\t\t<dt class='gallery-icon landscape'>\n\t\t\t\t<a href='https:\/\/galerie-le-art.com\/wp-content\/uploads\/2020\/12\/MStreissl_13.png'><img loading=\"lazy\" decoding=\"async\" width=\"150\" height=\"150\" src=\"https:\/\/galerie-le-art.com\/wp-content\/uploads\/2020\/12\/MStreissl_13-150x150.png\" class=\"attachment-thumbnail size-thumbnail\" alt=\"\" aria-describedby=\"gallery-1-3080\" srcset=\"https:\/\/galerie-le-art.com\/wp-content\/uploads\/2020\/12\/MStreissl_13-150x150.png 150w, https:\/\/galerie-le-art.com\/wp-content\/uploads\/2020\/12\/MStreissl_13-300x300.png 300w, https:\/\/galerie-le-art.com\/wp-content\/uploads\/2020\/12\/MStreissl_13-768x768.png 768w, https:\/\/galerie-le-art.com\/wp-content\/uploads\/2020\/12\/MStreissl_13.png 800w\" sizes=\"auto, (max-width: 150px) 100vw, 150px\" \/><\/a>\n\t\t\t<\/dt>\n\t\t\t\t<dd class='wp-caption-text gallery-caption' id='gallery-1-3080'>\n\t\t\t\tWien Margarethen 02<br>100 cm x 100 cm<br>Uv-Digitaldruck\n\t\t\t\t<\/dd><\/dl><dl class='gallery-item'>\n\t\t\t<dt class='gallery-icon landscape'>\n\t\t\t\t<a href='https:\/\/galerie-le-art.com\/wp-content\/uploads\/2020\/12\/MStreissl_09.png'><img loading=\"lazy\" decoding=\"async\" width=\"150\" height=\"150\" src=\"https:\/\/galerie-le-art.com\/wp-content\/uploads\/2020\/12\/MStreissl_09-150x150.png\" class=\"attachment-thumbnail size-thumbnail\" alt=\"\" aria-describedby=\"gallery-1-3081\" srcset=\"https:\/\/galerie-le-art.com\/wp-content\/uploads\/2020\/12\/MStreissl_09-150x150.png 150w, https:\/\/galerie-le-art.com\/wp-content\/uploads\/2020\/12\/MStreissl_09-300x300.png 300w, https:\/\/galerie-le-art.com\/wp-content\/uploads\/2020\/12\/MStreissl_09-768x768.png 768w, https:\/\/galerie-le-art.com\/wp-content\/uploads\/2020\/12\/MStreissl_09.png 800w\" sizes=\"auto, (max-width: 150px) 100vw, 150px\" \/><\/a>\n\t\t\t<\/dt>\n\t\t\t\t<dd class='wp-caption-text gallery-caption' id='gallery-1-3081'>\n\t\t\t\tTirol 04<br>100 cm x 100 cm<br>Uv-Digitaldruck\n\t\t\t\t<\/dd><\/dl><br style=\"clear: both\" \/><dl class='gallery-item'>\n\t\t\t<dt class='gallery-icon landscape'>\n\t\t\t\t<a href='https:\/\/galerie-le-art.com\/wp-content\/uploads\/2020\/12\/MStreissl_12.png'><img loading=\"lazy\" decoding=\"async\" width=\"150\" height=\"150\" src=\"https:\/\/galerie-le-art.com\/wp-content\/uploads\/2020\/12\/MStreissl_12-150x150.png\" class=\"attachment-thumbnail size-thumbnail\" alt=\"\" aria-describedby=\"gallery-1-3079\" srcset=\"https:\/\/galerie-le-art.com\/wp-content\/uploads\/2020\/12\/MStreissl_12-150x150.png 150w, https:\/\/galerie-le-art.com\/wp-content\/uploads\/2020\/12\/MStreissl_12-300x300.png 300w, https:\/\/galerie-le-art.com\/wp-content\/uploads\/2020\/12\/MStreissl_12-768x768.png 768w, https:\/\/galerie-le-art.com\/wp-content\/uploads\/2020\/12\/MStreissl_12.png 800w\" sizes=\"auto, (max-width: 150px) 100vw, 150px\" \/><\/a>\n\t\t\t<\/dt>\n\t\t\t\t<dd class='wp-caption-text gallery-caption' id='gallery-1-3079'>\n\t\t\t\tWien Herrengasse 02<br>100 cm x 100 cm<br>Uv-Digitaldruck\n\t\t\t\t<\/dd><\/dl><dl class='gallery-item'>\n\t\t\t<dt class='gallery-icon landscape'>\n\t\t\t\t<a href='https:\/\/galerie-le-art.com\/wp-content\/uploads\/2018\/02\/MStreissl_07.jpg'><img loading=\"lazy\" decoding=\"async\" width=\"150\" height=\"150\" src=\"https:\/\/galerie-le-art.com\/wp-content\/uploads\/2018\/02\/MStreissl_07-150x150.jpg\" class=\"attachment-thumbnail size-thumbnail\" alt=\"\" aria-describedby=\"gallery-1-2284\" srcset=\"https:\/\/galerie-le-art.com\/wp-content\/uploads\/2018\/02\/MStreissl_07-150x150.jpg 150w, https:\/\/galerie-le-art.com\/wp-content\/uploads\/2018\/02\/MStreissl_07-300x300.jpg 300w, https:\/\/galerie-le-art.com\/wp-content\/uploads\/2018\/02\/MStreissl_07-768x768.jpg 768w, https:\/\/galerie-le-art.com\/wp-content\/uploads\/2018\/02\/MStreissl_07.jpg 800w\" sizes=\"auto, (max-width: 150px) 100vw, 150px\" \/><\/a>\n\t\t\t<\/dt>\n\t\t\t\t<dd class='wp-caption-text gallery-caption' id='gallery-1-2284'>\n\t\t\t\tEnns-Hassak 04<br> 100 cm x 100 cm<br> UV-Digitaldruck auf Aluverbundplatte<br> 2017\n\t\t\t\t<\/dd><\/dl><br style=\"clear: both\" \/><dl class='gallery-item'>\n\t\t\t<dt class='gallery-icon landscape'>\n\t\t\t\t<a href='https:\/\/galerie-le-art.com\/wp-content\/uploads\/2018\/02\/MStreissl_06.jpg'><img loading=\"lazy\" decoding=\"async\" width=\"150\" height=\"150\" src=\"https:\/\/galerie-le-art.com\/wp-content\/uploads\/2018\/02\/MStreissl_06-150x150.jpg\" class=\"attachment-thumbnail size-thumbnail\" alt=\"\" aria-describedby=\"gallery-1-2283\" srcset=\"https:\/\/galerie-le-art.com\/wp-content\/uploads\/2018\/02\/MStreissl_06-150x150.jpg 150w, https:\/\/galerie-le-art.com\/wp-content\/uploads\/2018\/02\/MStreissl_06-300x300.jpg 300w, https:\/\/galerie-le-art.com\/wp-content\/uploads\/2018\/02\/MStreissl_06-768x768.jpg 768w, https:\/\/galerie-le-art.com\/wp-content\/uploads\/2018\/02\/MStreissl_06.jpg 800w\" sizes=\"auto, (max-width: 150px) 100vw, 150px\" \/><\/a>\n\t\t\t<\/dt>\n\t\t\t\t<dd class='wp-caption-text gallery-caption' id='gallery-1-2283'>\n\t\t\t\tEnns-Reisinger 02<br> 100 cm x 100 cm<br> UV-Digitaldruck auf Aluverbundplatte<br> 2016\n\t\t\t\t<\/dd><\/dl><dl class='gallery-item'>\n\t\t\t<dt class='gallery-icon landscape'>\n\t\t\t\t<a href='https:\/\/galerie-le-art.com\/wp-content\/uploads\/2020\/12\/MStreissl_14.jpg'><img loading=\"lazy\" decoding=\"async\" width=\"150\" height=\"150\" src=\"https:\/\/galerie-le-art.com\/wp-content\/uploads\/2020\/12\/MStreissl_14-150x150.jpg\" class=\"attachment-thumbnail size-thumbnail\" alt=\"\" aria-describedby=\"gallery-1-3105\" srcset=\"https:\/\/galerie-le-art.com\/wp-content\/uploads\/2020\/12\/MStreissl_14-150x150.jpg 150w, https:\/\/galerie-le-art.com\/wp-content\/uploads\/2020\/12\/MStreissl_14-300x300.jpg 300w, https:\/\/galerie-le-art.com\/wp-content\/uploads\/2020\/12\/MStreissl_14-768x768.jpg 768w, https:\/\/galerie-le-art.com\/wp-content\/uploads\/2020\/12\/MStreissl_14.jpg 800w\" sizes=\"auto, (max-width: 150px) 100vw, 150px\" \/><\/a>\n\t\t\t<\/dt>\n\t\t\t\t<dd class='wp-caption-text gallery-caption' id='gallery-1-3105'>\n\t\t\t\tMozart 02<br>100cm x 100 cm<br>UV-Digitaldruck auf Aluverbundplatte<br>2017\n\n\t\t\t\t<\/dd><\/dl><br style=\"clear: both\" \/>\n\t\t<\/div>\n<\/p>","protected":false},"excerpt":{"rendered":"<p>Michael Streissl, Fotograf und K\u00fcnstler. Geboren 1962 in N\u00fcrnberg. Absolvent der Fachoberschule f\u00fcr Gestaltung. 2j\u00e4hrige Ausbildung zum Werbefotografen. Arbeitet seit Mitte der 1980er Jahre als Werbe- und Stillife Fotograf. Ausstellungen in N\u00fcrnberg, Erlangen, Regensburg, Forchheim seit den 1990er Jahren. Die &hellip; <a href=\"https:\/\/galerie-le-art.com\/?p=2277\">Weiterlesen <span class=\"meta-nav\">&rarr;<\/span><\/a><\/p>\n","protected":false},"author":1,"featured_media":0,"comment_status":"closed","ping_status":"open","sticky":false,"template":"","format":"gallery","meta":{"jetpack_post_was_ever_published":false,"_jetpack_newsletter_access":"","_jetpack_dont_email_post_to_subs":false,"_jetpack_newsletter_tier_id":0,"_jetpack_memberships_contains_paywalled_content":false,"_jetpack_memberships_contains_paid_content":false,"footnotes":"","jetpack_publicize_message":"","jetpack_publicize_feature_enabled":true,"jetpack_social_post_already_shared":true,"jetpack_social_options":{"image_generator_settings":{"template":"highway","default_image_id":0,"font":"","enabled":false},"version":2}},"categories":[5,7],"tags":[],"class_list":["post-2277","post","type-post","status-publish","format-gallery","hentry","category-bilder","category-kunstler","post_format-post-format-gallery"],"aioseo_notices":[],"jetpack_publicize_connections":[],"jetpack_featured_media_url":"","jetpack_sharing_enabled":true,"jetpack_shortlink":"https:\/\/wp.me\/p7wHnN-AJ","_links":{"self":[{"href":"https:\/\/galerie-le-art.com\/index.php?rest_route=\/wp\/v2\/posts\/2277","targetHints":{"allow":["GET"]}}],"collection":[{"href":"https:\/\/galerie-le-art.com\/index.php?rest_route=\/wp\/v2\/posts"}],"about":[{"href":"https:\/\/galerie-le-art.com\/index.php?rest_route=\/wp\/v2\/types\/post"}],"author":[{"embeddable":true,"href":"https:\/\/galerie-le-art.com\/index.php?rest_route=\/wp\/v2\/users\/1"}],"replies":[{"embeddable":true,"href":"https:\/\/galerie-le-art.com\/index.php?rest_route=%2Fwp%2Fv2%2Fcomments&post=2277"}],"version-history":[{"count":6,"href":"https:\/\/galerie-le-art.com\/index.php?rest_route=\/wp\/v2\/posts\/2277\/revisions"}],"predecessor-version":[{"id":3106,"href":"https:\/\/galerie-le-art.com\/index.php?rest_route=\/wp\/v2\/posts\/2277\/revisions\/3106"}],"wp:attachment":[{"href":"https:\/\/galerie-le-art.com\/index.php?rest_route=%2Fwp%2Fv2%2Fmedia&parent=2277"}],"wp:term":[{"taxonomy":"category","embeddable":true,"href":"https:\/\/galerie-le-art.com\/index.php?rest_route=%2Fwp%2Fv2%2Fcategories&post=2277"},{"taxonomy":"post_tag","embeddable":true,"href":"https:\/\/galerie-le-art.com\/index.php?rest_route=%2Fwp%2Fv2%2Ftags&post=2277"}],"curies":[{"name":"wp","href":"https:\/\/api.w.org\/{rel}","templated":true}]}}