{"id":2255,"date":"2018-01-15T12:25:47","date_gmt":"2018-01-15T10:25:47","guid":{"rendered":"http:\/\/galerie-le-art.com\/?p=2255"},"modified":"2019-01-10T16:36:00","modified_gmt":"2019-01-10T14:36:00","slug":"petra-traxler-pilgram","status":"publish","type":"post","link":"https:\/\/galerie-le-art.com\/?p=2255","title":{"rendered":"Petra Traxler-Pilgram"},"content":{"rendered":"<p><div id=\"attachment_2248\" style=\"width: 160px\" class=\"wp-caption alignleft\"><a href=\"http:\/\/galerie-le-art.com\/wp-content\/uploads\/2018\/01\/Petra-Traxler-Pilgram.jpg\"><img loading=\"lazy\" decoding=\"async\" aria-describedby=\"caption-attachment-2248\" class=\"wp-image-2248 size-thumbnail\" src=\"http:\/\/galerie-le-art.com\/wp-content\/uploads\/2018\/01\/Petra-Traxler-Pilgram-150x150.jpg\" alt=\"Petra Traxler-Pilgram\" width=\"150\" height=\"150\" \/><\/a><p id=\"caption-attachment-2248\" class=\"wp-caption-text\">Petra Traxler-Pilgram<\/p><\/div><\/p>\n<p>Kunst, Philosophie und Psychologie sind drei sich wechselseitig beeinflussende Konstanten im Leben der in Villach 1966 geborenen K\u00fcnstlerin. Schon neben dem Lehramtsstudium in Wien besuchte sie zahlreiche Zeichen- und Malkurse bei unterschiedlichen akademischen Malern, privat und auf der k\u00fcnstlerischen Volkshochschule. Nach ihrer ersten Ausstellung 2012 in der Galerie M, l\u00f6st sie sich immer mehr vom Stil des Impressionismus und besch\u00e4ftigt sich fortan mit Picasso, Matisse, Chagall, Malewitsch und dem Wiener Kinetismus. Daraus entwickelt sie ihre ganz individuelle Formensprache. Dabei r\u00fcckt der Mensch ins Zentrum ihrer Aufmerksamkeit. Von Interesse sind vor allem die unbewussten Anteile, Verdr\u00e4ngtes, Verbotenes, die Schattenseiten. Mit Humor dr\u00e4ngen diese an die Oberfl\u00e4che. Er macht sie gesellschaftsf\u00e4hig.<\/p>\n<p>Die K\u00fcnstlerin lebt und arbeitet in Maria Anzbach und in ihrem Atelier in Ollersbach.<\/p>\n<p><strong> Bewegte Figuren\/ Assoziationen und Redensarten in Schwarz-Weiss- Malerei<\/strong><\/p>\n<p>Das k\u00fcnstlerische Spiel beginnt mit Redensarten. Dabei werden innere Bilder nach Au\u00dfen gest\u00fclpt und mit Worten untermalt. Dieser Prozess wird begleitet von einem Zwiegespr\u00e4ch zwischen Bewusstem und Unbewusstem, Verstand und Gef\u00fchl, Wort und Bild. Das Bindeglied sind die Assoziationen, Ankn\u00fcpfungspunkt die Au\u00dfenwelt.<\/p>\n<p>Die K\u00fcnstlerin nennt ihre Figuren auch \u201ebewegte Figuren\u201c im doppeldeutigen Sinne. Der Betrachter soll einerseits die Bewegung in der Figur als auch dieselbige als bewegt wahrnehmen.<\/p>\n<p><em> \u201eMenschen oder Situationen sind nicht immer eindeutig zu verstehen. Die Perspektive des Betrachters ist ausschlaggebend. Daher haben meine Bilder meistens mehrere Titel- ich nenne sie Assoziationen. Diese sollen in der Au\u00dfenwelt fortgesetzt werden.\u201c<\/em> (PTP, 2017)<\/p>\n<p>\n\t\t<style type=\"text\/css\">\n\t\t\t#gallery-1 {\n\t\t\t\tmargin: auto;\n\t\t\t}\n\t\t\t#gallery-1 .gallery-item {\n\t\t\t\tfloat: left;\n\t\t\t\tmargin-top: 10px;\n\t\t\t\ttext-align: center;\n\t\t\t\twidth: 50%;\n\t\t\t}\n\t\t\t#gallery-1 img {\n\t\t\t\tborder: 2px solid #cfcfcf;\n\t\t\t}\n\t\t\t#gallery-1 .gallery-caption {\n\t\t\t\tmargin-left: 0;\n\t\t\t}\n\t\t\t\/* see gallery_shortcode() in wp-includes\/media.php *\/\n\t\t<\/style>\n\t\t<div id='gallery-1' class='gallery galleryid-2255 gallery-columns-2 gallery-size-thumbnail'><dl class='gallery-item'>\n\t\t\t<dt class='gallery-icon portrait'>\n\t\t\t\t<a href='https:\/\/galerie-le-art.com\/wp-content\/uploads\/2018\/01\/PTraxlerPilgram_01.jpg'><img loading=\"lazy\" decoding=\"async\" width=\"150\" height=\"150\" src=\"https:\/\/galerie-le-art.com\/wp-content\/uploads\/2018\/01\/PTraxlerPilgram_01-150x150.jpg\" class=\"attachment-thumbnail size-thumbnail\" alt=\"\" aria-describedby=\"gallery-1-2249\" \/><\/a>\n\t\t\t<\/dt>\n\t\t\t\t<dd class='wp-caption-text gallery-caption' id='gallery-1-2249'>\n\t\t\t\tDie Lebenslust entfesseln oder einen Freudentanz auff\u00fchren wollen<br>Acryl auf Leinwand<br> 80&#215;100<br> 2016\n\t\t\t\t<\/dd><\/dl><dl class='gallery-item'>\n\t\t\t<dt class='gallery-icon portrait'>\n\t\t\t\t<a href='https:\/\/galerie-le-art.com\/wp-content\/uploads\/2018\/01\/PTraxlerPilgram_02.jpg'><img loading=\"lazy\" decoding=\"async\" width=\"150\" height=\"150\" src=\"https:\/\/galerie-le-art.com\/wp-content\/uploads\/2018\/01\/PTraxlerPilgram_02-150x150.jpg\" class=\"attachment-thumbnail size-thumbnail\" alt=\"\" aria-describedby=\"gallery-1-2250\" \/><\/a>\n\t\t\t<\/dt>\n\t\t\t\t<dd class='wp-caption-text gallery-caption' id='gallery-1-2250'>\n\t\t\t\tDie Scheinheiligkeit in Person oder sich verbiegen oder den Schein wahren<br> Acryl auf Leinwand<br>80&#215;100<br>2017\n\t\t\t\t<\/dd><\/dl><br style=\"clear: both\" \/><dl class='gallery-item'>\n\t\t\t<dt class='gallery-icon portrait'>\n\t\t\t\t<a href='https:\/\/galerie-le-art.com\/wp-content\/uploads\/2018\/01\/PTraxlerPilgram_03.jpg'><img loading=\"lazy\" decoding=\"async\" width=\"150\" height=\"150\" src=\"https:\/\/galerie-le-art.com\/wp-content\/uploads\/2018\/01\/PTraxlerPilgram_03-150x150.jpg\" class=\"attachment-thumbnail size-thumbnail\" alt=\"\" aria-describedby=\"gallery-1-2251\" \/><\/a>\n\t\t\t<\/dt>\n\t\t\t\t<dd class='wp-caption-text gallery-caption' id='gallery-1-2251'>\n\t\t\t\tDie Traumt\u00e4nzerin oder Tr\u00e4ume sind keine Sch\u00e4ume oder zerplatzte Tr\u00e4ume<br>Acryl auf Leinwand<br>80&#215;100<br>2017\n\t\t\t\t<\/dd><\/dl><dl class='gallery-item'>\n\t\t\t<dt class='gallery-icon portrait'>\n\t\t\t\t<a href='https:\/\/galerie-le-art.com\/wp-content\/uploads\/2018\/01\/PTraxlerPilgram_05.jpg'><img loading=\"lazy\" decoding=\"async\" width=\"150\" height=\"150\" src=\"https:\/\/galerie-le-art.com\/wp-content\/uploads\/2018\/01\/PTraxlerPilgram_05-150x150.jpg\" class=\"attachment-thumbnail size-thumbnail\" alt=\"\" aria-describedby=\"gallery-1-2253\" \/><\/a>\n\t\t\t<\/dt>\n\t\t\t\t<dd class='wp-caption-text gallery-caption' id='gallery-1-2253'>\n\t\t\t\tLiebesakt oder unter die Haube kommen<br>Acryl auf Leinwand<br>80&#215;100<br>2017\n\t\t\t\t<\/dd><\/dl><br style=\"clear: both\" \/><dl class='gallery-item'>\n\t\t\t<dt class='gallery-icon portrait'>\n\t\t\t\t<a href='https:\/\/galerie-le-art.com\/wp-content\/uploads\/2018\/01\/PTraxlerPilgram_06.jpg'><img loading=\"lazy\" decoding=\"async\" width=\"150\" height=\"150\" src=\"https:\/\/galerie-le-art.com\/wp-content\/uploads\/2018\/01\/PTraxlerPilgram_06-150x150.jpg\" class=\"attachment-thumbnail size-thumbnail\" alt=\"\" aria-describedby=\"gallery-1-2254\" \/><\/a>\n\t\t\t<\/dt>\n\t\t\t\t<dd class='wp-caption-text gallery-caption' id='gallery-1-2254'>\n\t\t\t\tSich durchboxen oder kampfbereit oder f\u00fcr sich eintreten <br> Acryl auf Leinwand<br>80&#215;100<br>2017\n\t\t\t\t<\/dd><\/dl><dl class='gallery-item'>\n\t\t\t<dt class='gallery-icon landscape'>\n\t\t\t\t<a href='https:\/\/galerie-le-art.com\/wp-content\/uploads\/2018\/01\/PTraxlerPilgram_07.jpg'><img loading=\"lazy\" decoding=\"async\" width=\"150\" height=\"150\" src=\"https:\/\/galerie-le-art.com\/wp-content\/uploads\/2018\/01\/PTraxlerPilgram_07-150x150.jpg\" class=\"attachment-thumbnail size-thumbnail\" alt=\"\" aria-describedby=\"gallery-1-2247\" \/><\/a>\n\t\t\t<\/dt>\n\t\t\t\t<dd class='wp-caption-text gallery-caption' id='gallery-1-2247'>\n\t\t\t\tSich zum Affen machen oder sich abstrampeln <br>Acryl auf Papier<br>84&#215;60<br>2017\n\t\t\t\t<\/dd><\/dl><br style=\"clear: both\" \/><dl class='gallery-item'>\n\t\t\t<dt class='gallery-icon portrait'>\n\t\t\t\t<a href='https:\/\/galerie-le-art.com\/wp-content\/uploads\/2018\/01\/PTraxlerPilgram_09.jpg'><img loading=\"lazy\" decoding=\"async\" width=\"150\" height=\"150\" src=\"https:\/\/galerie-le-art.com\/wp-content\/uploads\/2018\/01\/PTraxlerPilgram_09-150x150.jpg\" class=\"attachment-thumbnail size-thumbnail\" alt=\"\" aria-describedby=\"gallery-1-2587\" \/><\/a>\n\t\t\t<\/dt>\n\t\t\t\t<dd class='wp-caption-text gallery-caption' id='gallery-1-2587'>\n\t\t\t\tSich vernetzen oder die F\u00e4den ziehen oder ins Netz gehen<br>Acryl auf Lwd<br>80&#215;100<br>2017\n\t\t\t\t<\/dd><\/dl><dl class='gallery-item'>\n\t\t\t<dt class='gallery-icon portrait'>\n\t\t\t\t<a href='https:\/\/galerie-le-art.com\/wp-content\/uploads\/2018\/01\/PTraxlerPilgram_08.jpg'><img loading=\"lazy\" decoding=\"async\" width=\"150\" height=\"150\" src=\"https:\/\/galerie-le-art.com\/wp-content\/uploads\/2018\/01\/PTraxlerPilgram_08-150x150.jpg\" class=\"attachment-thumbnail size-thumbnail\" alt=\"\" aria-describedby=\"gallery-1-2588\" \/><\/a>\n\t\t\t<\/dt>\n\t\t\t\t<dd class='wp-caption-text gallery-caption' id='gallery-1-2588'>\n\t\t\t\tKopflastig oder alles unter einen Hut bringen oder Lebenskunst<br>Acryl auf Lwd<br>80&#215;100<br>2017\n\t\t\t\t<\/dd><\/dl><br style=\"clear: both\" \/>\n\t\t<\/div>\n<\/p>","protected":false},"excerpt":{"rendered":"<p>Kunst, Philosophie und Psychologie sind drei sich wechselseitig beeinflussende Konstanten im Leben der in Villach 1966 geborenen K\u00fcnstlerin. Schon neben dem Lehramtsstudium in Wien besuchte sie zahlreiche Zeichen- und Malkurse bei unterschiedlichen akademischen Malern, privat und auf der k\u00fcnstlerischen Volkshochschule. &hellip; <a href=\"https:\/\/galerie-le-art.com\/?p=2255\">Weiterlesen <span class=\"meta-nav\">&rarr;<\/span><\/a><\/p>\n","protected":false},"author":1,"featured_media":0,"comment_status":"closed","ping_status":"open","sticky":false,"template":"","format":"gallery","meta":{"jetpack_post_was_ever_published":false,"_jetpack_newsletter_access":"","_jetpack_dont_email_post_to_subs":false,"_jetpack_newsletter_tier_id":0,"_jetpack_memberships_contains_paywalled_content":false,"_jetpack_memberships_contains_paid_content":false,"footnotes":"","jetpack_publicize_message":"","jetpack_publicize_feature_enabled":true,"jetpack_social_post_already_shared":true,"jetpack_social_options":{"image_generator_settings":{"template":"highway","default_image_id":0,"font":"","enabled":false},"version":2}},"categories":[5,7],"tags":[],"class_list":["post-2255","post","type-post","status-publish","format-gallery","hentry","category-bilder","category-kunstler","post_format-post-format-gallery"],"aioseo_notices":[],"jetpack_publicize_connections":[],"jetpack_featured_media_url":"","jetpack_sharing_enabled":true,"jetpack_shortlink":"https:\/\/wp.me\/p7wHnN-An","_links":{"self":[{"href":"https:\/\/galerie-le-art.com\/index.php?rest_route=\/wp\/v2\/posts\/2255","targetHints":{"allow":["GET"]}}],"collection":[{"href":"https:\/\/galerie-le-art.com\/index.php?rest_route=\/wp\/v2\/posts"}],"about":[{"href":"https:\/\/galerie-le-art.com\/index.php?rest_route=\/wp\/v2\/types\/post"}],"author":[{"embeddable":true,"href":"https:\/\/galerie-le-art.com\/index.php?rest_route=\/wp\/v2\/users\/1"}],"replies":[{"embeddable":true,"href":"https:\/\/galerie-le-art.com\/index.php?rest_route=%2Fwp%2Fv2%2Fcomments&post=2255"}],"version-history":[{"count":3,"href":"https:\/\/galerie-le-art.com\/index.php?rest_route=\/wp\/v2\/posts\/2255\/revisions"}],"predecessor-version":[{"id":2589,"href":"https:\/\/galerie-le-art.com\/index.php?rest_route=\/wp\/v2\/posts\/2255\/revisions\/2589"}],"wp:attachment":[{"href":"https:\/\/galerie-le-art.com\/index.php?rest_route=%2Fwp%2Fv2%2Fmedia&parent=2255"}],"wp:term":[{"taxonomy":"category","embeddable":true,"href":"https:\/\/galerie-le-art.com\/index.php?rest_route=%2Fwp%2Fv2%2Fcategories&post=2255"},{"taxonomy":"post_tag","embeddable":true,"href":"https:\/\/galerie-le-art.com\/index.php?rest_route=%2Fwp%2Fv2%2Ftags&post=2255"}],"curies":[{"name":"wp","href":"https:\/\/api.w.org\/{rel}","templated":true}]}}